{"id":2823,"date":"2025-10-29T01:08:14","date_gmt":"2025-10-29T01:08:14","guid":{"rendered":"https:\/\/firearmupgrades.com\/?p=2823"},"modified":"2025-10-29T01:08:14","modified_gmt":"2025-10-29T01:08:14","slug":"jefe-de-la-patrulla-fronteriza-acepta-regresar-diariamente-a-la-corte-federal-de-chicago","status":"publish","type":"post","link":"https:\/\/firearmupgrades.com\/?p=2823","title":{"rendered":"Jefe de la Patrulla Fronteriza acepta regresar diariamente a la corte federal de Chicago"},"content":{"rendered":"<p> <br \/>\n<\/p>\n<div>\n<div class=\"Page-articleBody-TagData\">\n<div class=\"Page-articleBody-TagData-title\">\n                                                    <a class=\"Link\" href=\"https:\/\/chicago.suntimes.com\/la-voz\" data-cms-ai=\"0\"><\/p>\n<p>                    <\/p>\n<p>    <\/a>\n                                                <\/div>\n<p>\n                                                    El mejor lugar para cobertura de noticias y cultura latina en Chicago.\n                                                <\/p>\n<\/p><\/div>\n<p>\u201d\u00bfQu\u00e9 te parece si para el viernes consigues [una c\u00e1mara corporal] para ti?\u201d, le dijo la Jueza de Distrito de Estados Unidos, Sara Ellis, al comandante de la Patrulla Fronteriza, Gregory Bovino, durante una audiencia el martes en la sala de la jueza en Chicago.<\/p>\n<p>\u201cPodemos conseguir eso&#8230; y el entrenamiento\u201d, respondi\u00f3 Bovino, quien apareci\u00f3 vistiendo su uniforme.<\/p>\n<p>Las c\u00e1maras corporales fueron una de varias preocupaciones que Ellis plante\u00f3 durante la comparecencia de Bovino, que dur\u00f3 una hora, al final de la cual le pidi\u00f3 que regresara a su sala todos los d\u00edas h\u00e1biles para darle actualizaciones hasta que tenga una audiencia preliminar el 5 de noviembre sobre el caso que ella preside.<\/p>\n<p>Ellis afirm\u00f3 que quiere reunirse con el comandante de la Patrulla Fronteriza mientras los agentes federales contin\u00faan con su agresiva campa\u00f1a de deportaciones que se extiende desde La Villita hasta Lake View.<\/p>\n<p>Su reuni\u00f3n diaria, alrededor de las 6 p.m., le dar\u00e1 a la jueza la oportunidad de hablar con Bovino sobre los acontecimientos del d\u00eda.<\/p>\n<p>Y mientras tanto, Ellis tendr\u00e1 la opci\u00f3n de prohibir por completo que los agentes federales utilicen gas lacrim\u00f3geno en medio del operativo. La jueza declar\u00f3 el martes que, si los agentes contin\u00faan utilizando gas, \u201cm\u00e1s les vale poder justificarlo\u201d.<\/p>\n<p>\u201cY si no pueden\u201d, a\u00f1adi\u00f3, \u201centonces perder\u00e1n la posibilidad de usarlo\u201d.<\/p>\n<p>La audiencia del martes revel\u00f3 que Bovino no tiene una c\u00e1mara corporal, ni el entrenamiento necesario para usarlo. Bovino admiti\u00f3 este hecho, incluso despu\u00e9s de haberle dicho a la jueza que el 99% de los agentes de la Oficina de Aduanas y Protecci\u00f3n Fronteriza en esta zona cuentan con esa tecnolog\u00eda.<\/p>\n<div class=\"Enhancement\" data-align-center=\"\">\n<div class=\"Enhancement-item\" data-crop=\"large-2x1-notfixed\">\n<figure class=\"Figure\"><a class=\"AnchorLink\" id=\"image-130bdd\" name=\"image-130bdd\" data-cms-ai=\"0\"\/>\n        <picture data-crop=\"large-2x1-notfixed\"><source type=\"image\/webp\" width=\"840\" height=\"560\" data-srcset=\"https:\/\/cst.brightspotcdn.com\/dims4\/default\/169c81b\/2147483647\/strip\/true\/crop\/5227x3486+0+0\/resize\/840x560!\/format\/webp\/quality\/90\/?url=https%3A%2F%2Fchorus-production-cst-web.s3.us-east-1.amazonaws.com%2Fbrightspot%2F6a%2Fec%2Fe65167bc48718e3d3c3de44c3d88%2Fbovinohearing-102925-18.jpg 1x,https:\/\/cst.brightspotcdn.com\/dims4\/default\/ff4c5e6\/2147483647\/strip\/true\/crop\/5227x3486+0+0\/resize\/1680x1120!\/format\/webp\/quality\/90\/?url=https%3A%2F%2Fchorus-production-cst-web.s3.us-east-1.amazonaws.com%2Fbrightspot%2F6a%2Fec%2Fe65167bc48718e3d3c3de44c3d88%2Fbovinohearing-102925-18.jpg 2x\" data-lazy-load=\"true\" srcset=\"data:image\/svg+xml;base64,PHN2ZyB4bWxucz0iaHR0cDovL3d3dy53My5vcmcvMjAwMC9zdmciIHZlcnNpb249IjEuMSIgaGVpZ2h0PSI1NjBweCIgd2lkdGg9Ijg0MHB4Ij48L3N2Zz4=\"\/><source width=\"840\" height=\"560\" data-srcset=\"https:\/\/cst.brightspotcdn.com\/dims4\/default\/b2d794c\/2147483647\/strip\/true\/crop\/5227x3486+0+0\/resize\/840x560!\/quality\/90\/?url=https%3A%2F%2Fchorus-production-cst-web.s3.us-east-1.amazonaws.com%2Fbrightspot%2F6a%2Fec%2Fe65167bc48718e3d3c3de44c3d88%2Fbovinohearing-102925-18.jpg\" data-lazy-load=\"true\" srcset=\"data:image\/svg+xml;base64,PHN2ZyB4bWxucz0iaHR0cDovL3d3dy53My5vcmcvMjAwMC9zdmciIHZlcnNpb249IjEuMSIgaGVpZ2h0PSI1NjBweCIgd2lkdGg9Ijg0MHB4Ij48L3N2Zz4=\"\/><img loading=\"lazy\" decoding=\"async\" class=\"Image\" alt=\"BOVINOHEARING-102925-18.jpg\" srcset=\"https:\/\/cst.brightspotcdn.com\/dims4\/default\/b2d794c\/2147483647\/strip\/true\/crop\/5227x3486+0+0\/resize\/840x560!\/quality\/90\/?url=https%3A%2F%2Fchorus-production-cst-web.s3.us-east-1.amazonaws.com%2Fbrightspot%2F6a%2Fec%2Fe65167bc48718e3d3c3de44c3d88%2Fbovinohearing-102925-18.jpg 1x,https:\/\/cst.brightspotcdn.com\/dims4\/default\/8078322\/2147483647\/strip\/true\/crop\/5227x3486+0+0\/resize\/1680x1120!\/quality\/90\/?url=https%3A%2F%2Fchorus-production-cst-web.s3.us-east-1.amazonaws.com%2Fbrightspot%2F6a%2Fec%2Fe65167bc48718e3d3c3de44c3d88%2Fbovinohearing-102925-18.jpg 2x\" width=\"840\" height=\"560\" src=\"https:\/\/cst.brightspotcdn.com\/dims4\/default\/b2d794c\/2147483647\/strip\/true\/crop\/5227x3486+0+0\/resize\/840x560!\/quality\/90\/?url=https%3A%2F%2Fchorus-production-cst-web.s3.us-east-1.amazonaws.com%2Fbrightspot%2F6a%2Fec%2Fe65167bc48718e3d3c3de44c3d88%2Fbovinohearing-102925-18.jpg\" data-lazy-load=\"true\" bad-src=\"data:image\/svg+xml;base64,PHN2ZyB4bWxucz0iaHR0cDovL3d3dy53My5vcmcvMjAwMC9zdmciIHZlcnNpb249IjEuMSIgaGVpZ2h0PSI1NjBweCIgd2lkdGg9Ijg0MHB4Ij48L3N2Zz4=\"\/><\/p>\n<\/picture>\n<div class=\"Figure-content\"><figcaption class=\"Figure-caption\">\n<p>Gregory Bovino, comandante general de la Patrulla Fronteriza, sale de la Corte Federal Dirksen el martes despu\u00e9s de testificar durante una audiencia sobre la aplicaci\u00f3n de la ley de inmigraci\u00f3n en Chicago.<\/p>\n<\/figcaption><span class=\"line\"\/><\/div>\n<\/figure><\/div>\n<\/p><\/div>\n<p>El caso involucra una demanda presentada por organizaciones de medios de comunicaci\u00f3n sobre el trato a los manifestantes durante la campa\u00f1a de deportaci\u00f3n federal de la administraci\u00f3n de Trump, en particular el uso de gas lacrim\u00f3geno. La jueza cit\u00f3 a Bovino a la corte la semana pasada despu\u00e9s de recibir una avalancha de quejas de que los agentes federales han violado sus \u00f3rdenes sobre el uso de gas lacrim\u00f3geno y otras armas de control de disturbios en toda la ciudad.<\/p>\n<p>Ellis no actu\u00f3 sobre una moci\u00f3n presentada el lunes para prohibir el uso de gas lacrim\u00f3geno, lo que pospuso esa decisi\u00f3n. Pero dijo, \u201cHalloween es el viernes. No quiero recibir informes de violaciones de los demandantes que muestren que los agentes est\u00e1n para all\u00e1 y para ac\u00e1 en Halloween, donde hay ni\u00f1os presentes y se est\u00e1 desplegando gas lacrim\u00f3geno\u201d.<\/p>\n<p>La abogada del Departamento de Justicia (DOJ) le dijo que \u201cel registro mostrar\u00e1 ultimadamente que el gas se est\u00e1 utilizando para permitir que los agentes se re\u00fanan de manera segura en situaciones altamente vol\u00e1tiles\u201d.<\/p>\n<p>Un abogado de los demandantes destac\u00f3, \u201cLo que est\u00e1 sucediendo es que los agentes lanzan proactivamente gas lacrim\u00f3geno a los civiles. Est\u00e1n incitando a la violencia y luego utilizan esa violencia para justificar una mayor fuerza\u201d.<\/p>\n<p>Con Bovino en el estrado, Ellis se\u00f1al\u00f3 el requisito de que los agentes den dos advertencias antes de lanzar el gas lacrim\u00f3geno. \u201cEste ha sido un tema constante en todos los documentos presentados por los demandantes: que no se dio ninguna advertencia. Deben decirle a la gente lo que van a hacer antes de hacerlo para que la gente tenga la oportunidad de obedecer\u201d, dijo.<\/p>\n<p>\u201cTambi\u00e9n s\u00e9 que no estoy all\u00ed\u201d, destac\u00f3 Ellis. \u201cNo estoy en la calle. Estoy aqu\u00ed. Pero estoy recibiendo v\u00eddeos&#8230; Me resulta dif\u00edcil ver que la fuerza utilizada sea necesaria para detener una amenaza inmediata y seria de da\u00f1o f\u00edsico a una persona\u201d.<\/p>\n<p>\u201cHab\u00eda una mujer en La Villita que fue tirada al suelo y arrestada. Ten\u00eda a alguien sentado encima de ella con la rodilla en su espalda. Y el video&#8230; no parec\u00eda mostrar que ella estaba representando una amenaza inmediata\u201d.<\/p>\n<div class=\"Enhancement\" data-align-center=\"\">\n<div class=\"Enhancement-item\" data-crop=\"large-2x1-notfixed\">\n<figure class=\"Figure\"><a class=\"AnchorLink\" id=\"image-df01c2\" name=\"image-df01c2\" data-cms-ai=\"0\"\/>\n        <picture data-crop=\"large-2x1-notfixed\"><source type=\"image\/webp\" width=\"840\" height=\"560\" data-srcset=\"https:\/\/cst.brightspotcdn.com\/dims4\/default\/13d0fe3\/2147483647\/strip\/true\/crop\/5998x4001+0+0\/resize\/840x560!\/format\/webp\/quality\/90\/?url=https%3A%2F%2Fchorus-production-cst-web.s3.us-east-1.amazonaws.com%2Fbrightspot%2Fa9%2F35%2F9ae0a335404a98b260b647b7a198%2Flittlevillage-102425-14.jpg 1x,https:\/\/cst.brightspotcdn.com\/dims4\/default\/cd4f641\/2147483647\/strip\/true\/crop\/5998x4001+0+0\/resize\/1680x1120!\/format\/webp\/quality\/90\/?url=https%3A%2F%2Fchorus-production-cst-web.s3.us-east-1.amazonaws.com%2Fbrightspot%2Fa9%2F35%2F9ae0a335404a98b260b647b7a198%2Flittlevillage-102425-14.jpg 2x\" data-lazy-load=\"true\" srcset=\"data:image\/svg+xml;base64,PHN2ZyB4bWxucz0iaHR0cDovL3d3dy53My5vcmcvMjAwMC9zdmciIHZlcnNpb249IjEuMSIgaGVpZ2h0PSI1NjBweCIgd2lkdGg9Ijg0MHB4Ij48L3N2Zz4=\"\/><source width=\"840\" height=\"560\" data-srcset=\"https:\/\/cst.brightspotcdn.com\/dims4\/default\/1d16e98\/2147483647\/strip\/true\/crop\/5998x4001+0+0\/resize\/840x560!\/quality\/90\/?url=https%3A%2F%2Fchorus-production-cst-web.s3.us-east-1.amazonaws.com%2Fbrightspot%2Fa9%2F35%2F9ae0a335404a98b260b647b7a198%2Flittlevillage-102425-14.jpg\" data-lazy-load=\"true\" srcset=\"data:image\/svg+xml;base64,PHN2ZyB4bWxucz0iaHR0cDovL3d3dy53My5vcmcvMjAwMC9zdmciIHZlcnNpb249IjEuMSIgaGVpZ2h0PSI1NjBweCIgd2lkdGg9Ijg0MHB4Ij48L3N2Zz4=\"\/><img loading=\"lazy\" decoding=\"async\" class=\"Image\" alt=\"LITTLEVILLAGE-102425-14.jpg\" srcset=\"https:\/\/cst.brightspotcdn.com\/dims4\/default\/1d16e98\/2147483647\/strip\/true\/crop\/5998x4001+0+0\/resize\/840x560!\/quality\/90\/?url=https%3A%2F%2Fchorus-production-cst-web.s3.us-east-1.amazonaws.com%2Fbrightspot%2Fa9%2F35%2F9ae0a335404a98b260b647b7a198%2Flittlevillage-102425-14.jpg 1x,https:\/\/cst.brightspotcdn.com\/dims4\/default\/6e8fcb2\/2147483647\/strip\/true\/crop\/5998x4001+0+0\/resize\/1680x1120!\/quality\/90\/?url=https%3A%2F%2Fchorus-production-cst-web.s3.us-east-1.amazonaws.com%2Fbrightspot%2Fa9%2F35%2F9ae0a335404a98b260b647b7a198%2Flittlevillage-102425-14.jpg 2x\" width=\"840\" height=\"560\" src=\"https:\/\/cst.brightspotcdn.com\/dims4\/default\/1d16e98\/2147483647\/strip\/true\/crop\/5998x4001+0+0\/resize\/840x560!\/quality\/90\/?url=https%3A%2F%2Fchorus-production-cst-web.s3.us-east-1.amazonaws.com%2Fbrightspot%2Fa9%2F35%2F9ae0a335404a98b260b647b7a198%2Flittlevillage-102425-14.jpg\" data-lazy-load=\"true\" bad-src=\"data:image\/svg+xml;base64,PHN2ZyB4bWxucz0iaHR0cDovL3d3dy53My5vcmcvMjAwMC9zdmciIHZlcnNpb249IjEuMSIgaGVpZ2h0PSI1NjBweCIgd2lkdGg9Ijg0MHB4Ij48L3N2Zz4=\"\/><\/p>\n<\/picture>\n<div class=\"Figure-content\"><figcaption class=\"Figure-caption\">\n<p>Agentes federales de inmigraci\u00f3n detienen a una manifestante en La Villita el jueves 23 de octubre de 2025.<\/p>\n<\/figcaption><span class=\"line\"\/><\/p>\n<div class=\"Figure-credit\">\n<p>Anthony Vazquez\/Sun-Times<\/p>\n<\/div>\n<\/div>\n<\/figure><\/div>\n<\/p><\/div>\n<p>Mientras Ellis revisaba varias alegaciones que se han hecho en m\u00faltiples incidentes, le pregunt\u00f3 a Bovino si estar\u00eda de acuerdo en que las alegaciones contra los agentes, a simple vista, sugieren que han violado su orden.<\/p>\n<p>\u201cBueno, su se\u00f1or\u00eda, creo que cada situaci\u00f3n depende de la situaci\u00f3n\u201d, destac\u00f3 Bovino. \u201cY me gustar\u00eda saber m\u00e1s sobre lo que sucedi\u00f3\u201d.<\/p>\n<p>Ellis regres\u00f3 al tema del desfile de Halloween que fue interrumpido <a class=\"Link\" href=\"https:\/\/chicago.suntimes.com\/la-voz\/2025\/10\/28\/residentes-del-noroeste-enfrentan-a-agentes-que-disparan-gas-lacrimogeno-cancelan-desfile-de-halloween\" target=\"_blank\" data-cms-ai=\"0\">en el vecindario de Old Irving Park el s\u00e1bado pasado<\/a>: \u201cEstos ni\u00f1os, puedes imaginar, su sentido de seguridad se hizo pedazos el s\u00e1bado. Y tomar\u00e1 mucho tiempo para que eso vuelva, si es que alguna vez regresa\u201d.<\/p>\n<p>La jueza destac\u00f3 que \u201cdebi\u00f3 haber sido un d\u00eda muy feliz\u201d.<\/p>\n<p>Bovino apenas reaccion\u00f3 a los comentarios de la jueza sobre el uso de gas lacrim\u00f3geno en presencia de ni\u00f1os.<\/p>\n<p>Adem\u00e1s de pedirle a Bovino que se presente diariamente en su sala, Ellis le dijo que quiere todos los informes de uso de la fuerza y todas las grabaciones de las c\u00e1maras corporales desde el 2 de septiembre. Ambos acordaron que los tendr\u00eda para el final de la semana.<\/p>\n<p>Y agreg\u00f3 que quiere una lista de \u201ctodas las personas que han sido arrestadas, que no hayan sido arrestadas por ning\u00fan delito relacionado con la inmigraci\u00f3n\u201d.<\/p>\n<p>Tambi\u00e9n dijo que quiere que los agentes lleven un identificador \u201cen un lugar visible\u201d. Enfatiz\u00f3 que quiere facilitarle a los agentes y a ella misma \u201ccuando busque ver si hay una violaci\u00f3n\u201d.<\/p>\n<p>Ellis comenz\u00f3 la audiencia del martes hablando sobre los juramentos que ella y Bovino tomaron al asumir el cargo p\u00fablico. \u201cMi papel no es decirte que puedes o no puedes hacer cumplir leyes aprobadas v\u00e1lidamente por el Congreso. Ese no es mi rol\u2026 Mi rol es simplemente asegurar que cualquier aplicaci\u00f3n de esas leyes\u201d se haga \u201cde una manera que sea consistente con tus obligaciones bajo la ley,\u201d enfatiz\u00f3.<\/p>\n<p>Tambi\u00e9n gui\u00f3 a Bovino a trav\u00e9s de la orden de restricci\u00f3n temporal que emiti\u00f3 a principios de este mes que prohib\u00eda el uso de la fuerza, armas de control de disturbios o amenazas contra periodistas y manifestantes. Tambi\u00e9n requer\u00eda que los agentes federales emitieran advertencias antes de desplegar armas de control de disturbios y dec\u00eda que los agentes \u201cactualmente equipados y entrenados con c\u00e1maras corporales\u201d deber\u00e1n activarlas cuando participen en actividades de aplicaci\u00f3n de la ley.<\/p>\n<p>\u201cLa Secci\u00f3n 1A significa, esencialmente, que deben dejar en paz a los periodistas. Si est\u00e1n haciendo su trabajo, necesitan ser dejados en paz para hacer su trabajo\u201d, enfatiz\u00f3 Ellis.<\/p>\n<p>Antes de la audiencia del martes, un portavoz del Departamento de Seguridad Nacional (DHS) dijo: \u201cDHS no puede pensar en nadie mejor para corregir las profundas interpretaciones err\u00f3neas d la jueza Ellis\u201d que Bovino.<\/p>\n<p>Ellis tendr\u00e1 varias opciones si no est\u00e1 satisfecha con Bovino, incluyendo una posible determinaci\u00f3n de desacato u otras sanciones como prohibir el gas lacrim\u00f3geno. Sin embargo, no fue tan confrontacional al interrogar a dos funcionarios de rango m\u00e1s bajo durante un procedimiento separado la semana pasada.<\/p>\n<p>La <a class=\"Link\" href=\"https:\/\/chicago.suntimes.com\/la-voz\/2025\/10\/22\/jefe-de-la-patrulla-fronteriza-se-une-a-operativo-en-la-villita-que-desencadeno-protestas\" target=\"_blank\" data-cms-ai=\"0\">decisi\u00f3n de la jueza de citar a Bovino<\/a> a su sala prepar\u00f3 el escenario para esta audiencia en la Corte Federal Dirksen sobre el uso de la fuerza de los agentes federales durante la agresiva campa\u00f1a de deportaci\u00f3n conocida como \u201cOperativo Midway Blitz\u201d.<\/p>\n<p>La jueza preside una demanda sobre el trato de los federales hacia los manifestantes en medio de la campa\u00f1a. La demanda fue presentada por organizaciones de medios, incluyendo el Chicago Headline Club, Block Club Chicago y el Chicago Newspaper Guild, que representa a los periodistas del Chicago Sun-Times.<\/p>\n<p>El caso ya ha llevado a \u00f3rdenes que proh\u00edben a los agentes usar gas y otras armas de \u201ccontrol de disturbios\u201d sin dos advertencias o contra personas que no representan una amenaza inmediata. La jueza tambi\u00e9n orden\u00f3 a los agentes \u201cactualmente equipados y entrenados con c\u00e1maras corporales\u201d que las activaran cuando participaran en actividades de aplicaci\u00f3n de la ley.<\/p>\n<div class=\"Enhancement\" data-align-center=\"\">\n<div class=\"Enhancement-item\" data-crop=\"large-2x1-notfixed\">\n<figure class=\"Figure\"><a class=\"AnchorLink\" id=\"image-f78200\" name=\"image-f78200\" data-cms-ai=\"0\"\/>\n        <picture data-crop=\"large-2x1-notfixed\"><source type=\"image\/webp\" width=\"840\" height=\"560\" data-srcset=\"https:\/\/cst.brightspotcdn.com\/dims4\/default\/89ad670\/2147483647\/strip\/true\/crop\/6014x4011+0+0\/resize\/840x560!\/format\/webp\/quality\/90\/?url=https%3A%2F%2Fchorus-production-cst-web.s3.us-east-1.amazonaws.com%2Fbrightspot%2Fcb%2F58%2F895530704e98b5655cec6476a5f7%2Fbovinohearing-102925-13.jpg 1x,https:\/\/cst.brightspotcdn.com\/dims4\/default\/315567b\/2147483647\/strip\/true\/crop\/6014x4011+0+0\/resize\/1680x1120!\/format\/webp\/quality\/90\/?url=https%3A%2F%2Fchorus-production-cst-web.s3.us-east-1.amazonaws.com%2Fbrightspot%2Fcb%2F58%2F895530704e98b5655cec6476a5f7%2Fbovinohearing-102925-13.jpg 2x\" data-lazy-load=\"true\" srcset=\"data:image\/svg+xml;base64,PHN2ZyB4bWxucz0iaHR0cDovL3d3dy53My5vcmcvMjAwMC9zdmciIHZlcnNpb249IjEuMSIgaGVpZ2h0PSI1NjBweCIgd2lkdGg9Ijg0MHB4Ij48L3N2Zz4=\"\/><source width=\"840\" height=\"560\" data-srcset=\"https:\/\/cst.brightspotcdn.com\/dims4\/default\/c713488\/2147483647\/strip\/true\/crop\/6014x4011+0+0\/resize\/840x560!\/quality\/90\/?url=https%3A%2F%2Fchorus-production-cst-web.s3.us-east-1.amazonaws.com%2Fbrightspot%2Fcb%2F58%2F895530704e98b5655cec6476a5f7%2Fbovinohearing-102925-13.jpg\" data-lazy-load=\"true\" srcset=\"data:image\/svg+xml;base64,PHN2ZyB4bWxucz0iaHR0cDovL3d3dy53My5vcmcvMjAwMC9zdmciIHZlcnNpb249IjEuMSIgaGVpZ2h0PSI1NjBweCIgd2lkdGg9Ijg0MHB4Ij48L3N2Zz4=\"\/><img loading=\"lazy\" decoding=\"async\" class=\"Image\" alt=\"BOVINOHEARING-102925-13.jpg\" srcset=\"https:\/\/cst.brightspotcdn.com\/dims4\/default\/c713488\/2147483647\/strip\/true\/crop\/6014x4011+0+0\/resize\/840x560!\/quality\/90\/?url=https%3A%2F%2Fchorus-production-cst-web.s3.us-east-1.amazonaws.com%2Fbrightspot%2Fcb%2F58%2F895530704e98b5655cec6476a5f7%2Fbovinohearing-102925-13.jpg 1x,https:\/\/cst.brightspotcdn.com\/dims4\/default\/a584535\/2147483647\/strip\/true\/crop\/6014x4011+0+0\/resize\/1680x1120!\/quality\/90\/?url=https%3A%2F%2Fchorus-production-cst-web.s3.us-east-1.amazonaws.com%2Fbrightspot%2Fcb%2F58%2F895530704e98b5655cec6476a5f7%2Fbovinohearing-102925-13.jpg 2x\" width=\"840\" height=\"560\" src=\"https:\/\/cst.brightspotcdn.com\/dims4\/default\/c713488\/2147483647\/strip\/true\/crop\/6014x4011+0+0\/resize\/840x560!\/quality\/90\/?url=https%3A%2F%2Fchorus-production-cst-web.s3.us-east-1.amazonaws.com%2Fbrightspot%2Fcb%2F58%2F895530704e98b5655cec6476a5f7%2Fbovinohearing-102925-13.jpg\" data-lazy-load=\"true\" bad-src=\"data:image\/svg+xml;base64,PHN2ZyB4bWxucz0iaHR0cDovL3d3dy53My5vcmcvMjAwMC9zdmciIHZlcnNpb249IjEuMSIgaGVpZ2h0PSI1NjBweCIgd2lkdGg9Ijg0MHB4Ij48L3N2Zz4=\"\/><\/p>\n<\/picture>\n<div class=\"Figure-content\"><figcaption class=\"Figure-caption\">\n<p>Los manifestantes gritan mientras Gregory Bovino, comandante en funciones de la Patrulla Fronteriza, sale de la Corte Federal Dirksen en Chicago el martes.<\/p>\n<\/figcaption><span class=\"line\"\/><\/div>\n<\/figure><\/div>\n<\/p><\/div>\n<p>A principios de la semana pasada, Ellis dijo que los abogados de los demandantes podr\u00edan pasar dos horas cuestionando a Bovino bajo juramento a puerta cerrada. La deposici\u00f3n est\u00e1 programada para el mi\u00e9rcoles, un procedimiento que es separado de la audiencia del martes.<\/p>\n<p>Ellis destac\u00f3 que en la deposici\u00f3n, los abogados de los demandantes deben limitar sus preguntas a \u201cc\u00f3mo\u201d los agentes federales est\u00e1n haciendo cumplir la ley y si est\u00e1n violando los derechos constitucionales de las personas. Enfatiz\u00f3 en ese momento que no se deber\u00eda preguntar a Bovino \u201cpor qu\u00e9\u201d Chicago ha sido blanco de la campa\u00f1a de inmigraci\u00f3n.<\/p>\n<p>Pero el jueves, Ellis m\u00e1s que duplic\u00f3 los l\u00edmites de tiempo en la deposici\u00f3n de Bovino, expandi\u00e9ndola a cinco horas. Lo hizo momentos antes de que los abogados del caso acusaran a Bovino de violar una de sus \u00f3rdenes anteriores al <a class=\"Link\" href=\"https:\/\/chicago.suntimes.com\/la-voz\/2025\/10\/23\/agentes-federales-detienen-a-estudiante-entre-otros-arrestos-en-la-villita-y-usan-gas-lacrimogeno\" target=\"_blank\" data-cms-ai=\"0\">lanzar gas lacrim\u00f3geno a una multitud en el vecindario de La Villita<\/a> sin justificaci\u00f3n.<\/p>\n<p>Un d\u00eda despu\u00e9s, orden\u00f3 a la administraci\u00f3n de Trump que \u201cpresentara al demandado, Gregory Bovino, en persona\u201d, para la audiencia del martes.<\/p>\n<p>La Secretaria Adjunta de DHS, Tricia McLaughlin, dijo en un comunicado que Bovino particip\u00f3 el jueves en el despliegue de \u201cmedidas de control de disturbios\u201d despu\u00e9s de que una multitud \u201cse volviera m\u00e1s hostil\u201d y comenzara a lanzar piedras y otros objetos a los agentes, \u201cincluyendo uno que golpe\u00f3 al Jefe Greg Bovino en la cabeza\u201d.<\/p>\n<p>Tambi\u00e9n dijo que los agentes de la Patrulla Fronteriza \u201creiteraron m\u00faltiples advertencias\u201d a la multitud.<\/p>\n<p>Los abogados de los demandantes insisten en que \u201cla declaraci\u00f3n es una mentira\u201d.<\/p>\n<p>El lunes en presentaciones adicionales, los abogados de los demandantes se quejaron de que los agentes desplegaron m\u00faltiples latas de gas lacrim\u00f3geno sin advertencia el viernes en Lake View, y que lo hicieron sin portar n\u00fameros de identificaci\u00f3n o insignias, como tambi\u00e9n requiere la orden de Ellis.<\/p>\n<p>Adem\u00e1s, se\u00f1alaron el <a class=\"Link\" href=\"https:\/\/chicago.suntimes.com\/la-voz\/2025\/10\/28\/residentes-del-noroeste-enfrentan-a-agentes-que-disparan-gas-lacrimogeno-cancelan-desfile-de-halloween\" target=\"_blank\" data-cms-ai=\"0\">incidente del s\u00e1bado en Old Irving Park<\/a>. Le dijeron a Ellis que \u201clos agentes federales desataron la violencia, derribando a al menos a tres personas, incluyendo a una que tiene aproximadamente 70 a\u00f1os de edad\u2026 Otro hombre estaba hablando con los agentes, no parec\u00eda estar lastimando a nadie ni amenazando a nadie, y lo derribaron al suelo y lo sometieron en una llave\u201d.<\/p>\n<p>Los abogados explicaron que\u201clos ni\u00f1os en el vecindario se estaban preparando para un desfile de Halloween. \u2026 La gente estaba en pijama; una mujer sali\u00f3 con la cabeza mojada y envuelta en una toalla\u201d.<\/p>\n<p>\u201cEsta experiencia\u201d, escribieron, \u201cfue aterradora para los residentes\u201d.<\/p>\n<p>La polic\u00eda de Chicago intent\u00f3 mantener a los manifestantes alejados de los agentes fronterizos y de Bovino, pero decenas de manifestantes rodearon los veh\u00edculos del gobierno en Adams Street cerca de Dearborn.<\/p>\n<p>Jennifer Victoria se encontraba entre quienes les gritaban a Bovino y a los agentes de la Patrulla Fronteriza con un meg\u00e1fono.<\/p>\n<p>Victoria, de ascendencia mexicana, puertorrique\u00f1a y hondure\u00f1a, y residente de Humboldt Park, dijo que necesitaba estar presente en la audiencia del martes.<\/p>\n<p>\u201cPara que se escuche nuestra voz porque lo que est\u00e1n haciendo est\u00e1 mal\u201d, dijo. \u201cLe vale m&#8212;-. No nos respetan. \u00bfPor qu\u00e9 deber\u00edamos respetarlos nosotros a ellos?\u201d.<\/p>\n<p>El alcalde Brandon Johnson calific\u00f3 el martes a Bovino de \u201cindividuo b\u00e1rbaro\u201d y declar\u00f3, \u201cSolo espero que este juez exija alg\u00fan tipo de responsabilidad, porque eso no es lo que est\u00e1 sucediendo ahora mismo\u201d.<\/p>\n<div class=\"Enhancement\" data-align-center=\"\">\n<div class=\"Enhancement-item\" data-crop=\"large-2x1-notfixed\">\n<figure class=\"Figure\"><a class=\"AnchorLink\" id=\"image-915478\" name=\"image-915478\" data-cms-ai=\"0\"\/>\n        <picture data-crop=\"large-2x1-notfixed\"><source type=\"image\/webp\" width=\"840\" height=\"560\" data-srcset=\"https:\/\/cst.brightspotcdn.com\/dims4\/default\/69f996c\/2147483647\/strip\/true\/crop\/5998x4001+0+0\/resize\/840x560!\/format\/webp\/quality\/90\/?url=https%3A%2F%2Fchorus-production-cst-web.s3.us-east-1.amazonaws.com%2Fbrightspot%2F15%2F21%2Fd87aedf7417f8fd0556d3fa8f8be%2Fbovinohearing-102925-06.jpg 1x,https:\/\/cst.brightspotcdn.com\/dims4\/default\/3429ddd\/2147483647\/strip\/true\/crop\/5998x4001+0+0\/resize\/1680x1120!\/format\/webp\/quality\/90\/?url=https%3A%2F%2Fchorus-production-cst-web.s3.us-east-1.amazonaws.com%2Fbrightspot%2F15%2F21%2Fd87aedf7417f8fd0556d3fa8f8be%2Fbovinohearing-102925-06.jpg 2x\" data-lazy-load=\"true\" srcset=\"data:image\/svg+xml;base64,PHN2ZyB4bWxucz0iaHR0cDovL3d3dy53My5vcmcvMjAwMC9zdmciIHZlcnNpb249IjEuMSIgaGVpZ2h0PSI1NjBweCIgd2lkdGg9Ijg0MHB4Ij48L3N2Zz4=\"\/><source width=\"840\" height=\"560\" data-srcset=\"https:\/\/cst.brightspotcdn.com\/dims4\/default\/e540116\/2147483647\/strip\/true\/crop\/5998x4001+0+0\/resize\/840x560!\/quality\/90\/?url=https%3A%2F%2Fchorus-production-cst-web.s3.us-east-1.amazonaws.com%2Fbrightspot%2F15%2F21%2Fd87aedf7417f8fd0556d3fa8f8be%2Fbovinohearing-102925-06.jpg\" data-lazy-load=\"true\" srcset=\"data:image\/svg+xml;base64,PHN2ZyB4bWxucz0iaHR0cDovL3d3dy53My5vcmcvMjAwMC9zdmciIHZlcnNpb249IjEuMSIgaGVpZ2h0PSI1NjBweCIgd2lkdGg9Ijg0MHB4Ij48L3N2Zz4=\"\/><img loading=\"lazy\" decoding=\"async\" class=\"Image\" alt=\"BOVINOHEARING -102925-06.jpg\" srcset=\"https:\/\/cst.brightspotcdn.com\/dims4\/default\/e540116\/2147483647\/strip\/true\/crop\/5998x4001+0+0\/resize\/840x560!\/quality\/90\/?url=https%3A%2F%2Fchorus-production-cst-web.s3.us-east-1.amazonaws.com%2Fbrightspot%2F15%2F21%2Fd87aedf7417f8fd0556d3fa8f8be%2Fbovinohearing-102925-06.jpg 1x,https:\/\/cst.brightspotcdn.com\/dims4\/default\/4179b6f\/2147483647\/strip\/true\/crop\/5998x4001+0+0\/resize\/1680x1120!\/quality\/90\/?url=https%3A%2F%2Fchorus-production-cst-web.s3.us-east-1.amazonaws.com%2Fbrightspot%2F15%2F21%2Fd87aedf7417f8fd0556d3fa8f8be%2Fbovinohearing-102925-06.jpg 2x\" width=\"840\" height=\"560\" src=\"https:\/\/cst.brightspotcdn.com\/dims4\/default\/e540116\/2147483647\/strip\/true\/crop\/5998x4001+0+0\/resize\/840x560!\/quality\/90\/?url=https%3A%2F%2Fchorus-production-cst-web.s3.us-east-1.amazonaws.com%2Fbrightspot%2F15%2F21%2Fd87aedf7417f8fd0556d3fa8f8be%2Fbovinohearing-102925-06.jpg\" data-lazy-load=\"true\" bad-src=\"data:image\/svg+xml;base64,PHN2ZyB4bWxucz0iaHR0cDovL3d3dy53My5vcmcvMjAwMC9zdmciIHZlcnNpb249IjEuMSIgaGVpZ2h0PSI1NjBweCIgd2lkdGg9Ijg0MHB4Ij48L3N2Zz4=\"\/><\/p>\n<\/picture>\n<div class=\"Figure-content\"><figcaption class=\"Figure-caption\">\n<p>El comandante general de la Patrulla Fronteriza, Gregory Bovino, sali\u00f3 el martes de la Corte Federal Dirksen tras una audiencia sobre la conducta en la aplicaci\u00f3n de la ley de inmigraci\u00f3n.<\/p>\n<\/figcaption><span class=\"line\"\/><\/p>\n<div class=\"Figure-credit\">\n<p>Anthony Vazquez\/Sun-Times<\/p>\n<\/div>\n<\/div>\n<\/figure><\/div>\n<\/p><\/div>\n<div class=\"Enhancement\" data-align-center=\"\">\n<div class=\"Enhancement-item\" data-crop=\"large-2x1-notfixed\">\n<figure class=\"Figure\"><a class=\"AnchorLink\" id=\"image-c09666\" name=\"image-c09666\" data-cms-ai=\"0\"\/>\n        <picture data-crop=\"large-2x1-notfixed\"><source type=\"image\/webp\" width=\"840\" height=\"560\" data-srcset=\"https:\/\/cst.brightspotcdn.com\/dims4\/default\/86d27de\/2147483647\/strip\/true\/crop\/5998x4001+0+0\/resize\/840x560!\/format\/webp\/quality\/90\/?url=https%3A%2F%2Fchorus-production-cst-web.s3.us-east-1.amazonaws.com%2Fbrightspot%2F1f%2F5a%2F4570dfb848efa1c39a9392991f0e%2Fbovinohearing-102925-10.jpg 1x,https:\/\/cst.brightspotcdn.com\/dims4\/default\/cb0fd86\/2147483647\/strip\/true\/crop\/5998x4001+0+0\/resize\/1680x1120!\/format\/webp\/quality\/90\/?url=https%3A%2F%2Fchorus-production-cst-web.s3.us-east-1.amazonaws.com%2Fbrightspot%2F1f%2F5a%2F4570dfb848efa1c39a9392991f0e%2Fbovinohearing-102925-10.jpg 2x\" data-lazy-load=\"true\" srcset=\"data:image\/svg+xml;base64,PHN2ZyB4bWxucz0iaHR0cDovL3d3dy53My5vcmcvMjAwMC9zdmciIHZlcnNpb249IjEuMSIgaGVpZ2h0PSI1NjBweCIgd2lkdGg9Ijg0MHB4Ij48L3N2Zz4=\"\/><source width=\"840\" height=\"560\" data-srcset=\"https:\/\/cst.brightspotcdn.com\/dims4\/default\/456c7ae\/2147483647\/strip\/true\/crop\/5998x4001+0+0\/resize\/840x560!\/quality\/90\/?url=https%3A%2F%2Fchorus-production-cst-web.s3.us-east-1.amazonaws.com%2Fbrightspot%2F1f%2F5a%2F4570dfb848efa1c39a9392991f0e%2Fbovinohearing-102925-10.jpg\" data-lazy-load=\"true\" srcset=\"data:image\/svg+xml;base64,PHN2ZyB4bWxucz0iaHR0cDovL3d3dy53My5vcmcvMjAwMC9zdmciIHZlcnNpb249IjEuMSIgaGVpZ2h0PSI1NjBweCIgd2lkdGg9Ijg0MHB4Ij48L3N2Zz4=\"\/><img loading=\"lazy\" decoding=\"async\" class=\"Image\" alt=\"BOVINOHEARING -102925-10.jpg\" srcset=\"https:\/\/cst.brightspotcdn.com\/dims4\/default\/456c7ae\/2147483647\/strip\/true\/crop\/5998x4001+0+0\/resize\/840x560!\/quality\/90\/?url=https%3A%2F%2Fchorus-production-cst-web.s3.us-east-1.amazonaws.com%2Fbrightspot%2F1f%2F5a%2F4570dfb848efa1c39a9392991f0e%2Fbovinohearing-102925-10.jpg 1x,https:\/\/cst.brightspotcdn.com\/dims4\/default\/ed7ef05\/2147483647\/strip\/true\/crop\/5998x4001+0+0\/resize\/1680x1120!\/quality\/90\/?url=https%3A%2F%2Fchorus-production-cst-web.s3.us-east-1.amazonaws.com%2Fbrightspot%2F1f%2F5a%2F4570dfb848efa1c39a9392991f0e%2Fbovinohearing-102925-10.jpg 2x\" width=\"840\" height=\"560\" src=\"https:\/\/cst.brightspotcdn.com\/dims4\/default\/456c7ae\/2147483647\/strip\/true\/crop\/5998x4001+0+0\/resize\/840x560!\/quality\/90\/?url=https%3A%2F%2Fchorus-production-cst-web.s3.us-east-1.amazonaws.com%2Fbrightspot%2F1f%2F5a%2F4570dfb848efa1c39a9392991f0e%2Fbovinohearing-102925-10.jpg\" data-lazy-load=\"true\" bad-src=\"data:image\/svg+xml;base64,PHN2ZyB4bWxucz0iaHR0cDovL3d3dy53My5vcmcvMjAwMC9zdmciIHZlcnNpb249IjEuMSIgaGVpZ2h0PSI1NjBweCIgd2lkdGg9Ijg0MHB4Ij48L3N2Zz4=\"\/><\/p>\n<\/picture>\n<div class=\"Figure-content\"><figcaption class=\"Figure-caption\">\n<p>Agentes federales caminan afuera de la Corte Federal Dirksen el martes despu\u00e9s de una audiencia con su jefe sobre la conducta en la aplicaci\u00f3n de la ley de inmigraci\u00f3n.<\/p>\n<\/figcaption><span class=\"line\"\/><\/p>\n<div class=\"Figure-credit\">\n<p>Anthony Vazquez\/Sun-Times<\/p>\n<\/div>\n<\/div>\n<\/figure><\/div>\n<\/p><\/div>\n<div class=\"Enhancement\" data-align-center=\"\">\n<div class=\"Enhancement-item\" data-crop=\"large-2x1-notfixed\">\n<figure class=\"Figure\"><a class=\"AnchorLink\" id=\"image-5b66e7\" name=\"image-5b66e7\" data-cms-ai=\"0\"\/>\n        <picture data-crop=\"large-2x1-notfixed\"><source type=\"image\/webp\" width=\"840\" height=\"560\" data-srcset=\"https:\/\/cst.brightspotcdn.com\/dims4\/default\/34ecaaf\/2147483647\/strip\/true\/crop\/5998x4001+0+0\/resize\/840x560!\/format\/webp\/quality\/90\/?url=https%3A%2F%2Fchorus-production-cst-web.s3.us-east-1.amazonaws.com%2Fbrightspot%2F1a%2Fec%2F470d67b146a8bb1f3a1cd10a304a%2Fbovinohearing-102925-02.jpg 1x,https:\/\/cst.brightspotcdn.com\/dims4\/default\/5ee8e19\/2147483647\/strip\/true\/crop\/5998x4001+0+0\/resize\/1680x1120!\/format\/webp\/quality\/90\/?url=https%3A%2F%2Fchorus-production-cst-web.s3.us-east-1.amazonaws.com%2Fbrightspot%2F1a%2Fec%2F470d67b146a8bb1f3a1cd10a304a%2Fbovinohearing-102925-02.jpg 2x\" data-lazy-load=\"true\" srcset=\"data:image\/svg+xml;base64,PHN2ZyB4bWxucz0iaHR0cDovL3d3dy53My5vcmcvMjAwMC9zdmciIHZlcnNpb249IjEuMSIgaGVpZ2h0PSI1NjBweCIgd2lkdGg9Ijg0MHB4Ij48L3N2Zz4=\"\/><source width=\"840\" height=\"560\" data-srcset=\"https:\/\/cst.brightspotcdn.com\/dims4\/default\/5b5be73\/2147483647\/strip\/true\/crop\/5998x4001+0+0\/resize\/840x560!\/quality\/90\/?url=https%3A%2F%2Fchorus-production-cst-web.s3.us-east-1.amazonaws.com%2Fbrightspot%2F1a%2Fec%2F470d67b146a8bb1f3a1cd10a304a%2Fbovinohearing-102925-02.jpg\" data-lazy-load=\"true\" srcset=\"data:image\/svg+xml;base64,PHN2ZyB4bWxucz0iaHR0cDovL3d3dy53My5vcmcvMjAwMC9zdmciIHZlcnNpb249IjEuMSIgaGVpZ2h0PSI1NjBweCIgd2lkdGg9Ijg0MHB4Ij48L3N2Zz4=\"\/><img loading=\"lazy\" decoding=\"async\" class=\"Image\" alt=\"BOVINOHEARING -102925-02.jpg\" srcset=\"https:\/\/cst.brightspotcdn.com\/dims4\/default\/5b5be73\/2147483647\/strip\/true\/crop\/5998x4001+0+0\/resize\/840x560!\/quality\/90\/?url=https%3A%2F%2Fchorus-production-cst-web.s3.us-east-1.amazonaws.com%2Fbrightspot%2F1a%2Fec%2F470d67b146a8bb1f3a1cd10a304a%2Fbovinohearing-102925-02.jpg 1x,https:\/\/cst.brightspotcdn.com\/dims4\/default\/7d20ec4\/2147483647\/strip\/true\/crop\/5998x4001+0+0\/resize\/1680x1120!\/quality\/90\/?url=https%3A%2F%2Fchorus-production-cst-web.s3.us-east-1.amazonaws.com%2Fbrightspot%2F1a%2Fec%2F470d67b146a8bb1f3a1cd10a304a%2Fbovinohearing-102925-02.jpg 2x\" width=\"840\" height=\"560\" src=\"https:\/\/cst.brightspotcdn.com\/dims4\/default\/5b5be73\/2147483647\/strip\/true\/crop\/5998x4001+0+0\/resize\/840x560!\/quality\/90\/?url=https%3A%2F%2Fchorus-production-cst-web.s3.us-east-1.amazonaws.com%2Fbrightspot%2F1a%2Fec%2F470d67b146a8bb1f3a1cd10a304a%2Fbovinohearing-102925-02.jpg\" data-lazy-load=\"true\" bad-src=\"data:image\/svg+xml;base64,PHN2ZyB4bWxucz0iaHR0cDovL3d3dy53My5vcmcvMjAwMC9zdmciIHZlcnNpb249IjEuMSIgaGVpZ2h0PSI1NjBweCIgd2lkdGg9Ijg0MHB4Ij48L3N2Zz4=\"\/><\/p>\n<\/picture>\n<div class=\"Figure-content\"><figcaption class=\"Figure-caption\">\n<p>El comandante de la Patrulla Fronteriza, Gregory Bovino, sali\u00f3 de la Corte Federal Dirksen el martes.<\/p>\n<\/figcaption><span class=\"line\"\/><\/p>\n<div class=\"Figure-credit\">\n<p>Anthony Vazquez\/Sun-Times<\/p>\n<\/div>\n<\/div>\n<\/figure><\/div>\n<\/p><\/div>\n<p>El Departamento de Seguridad Nacional utiliz\u00f3 su cuenta de X (anteriormente Twitter) el martes para compartir im\u00e1genes de Bovino afuera de la corte y declarar: \u201cNos NEGAMOS a renunciar a nuestra misi\u00f3n de hacer que Estados Unidos sea un pa\u00eds seguro\u201d.<\/p>\n<p><i>Ni el reportero ni los editores que trabajan en esta historia \u2014incluyendo algunos representados por el News Guild\u2014 han estado involucrados en esta demanda. <\/i><\/p>\n<p><i>Traducido con una herramienta de inteligencia artificial (AI) y editado por <\/i><a class=\"Link\" href=\"https:\/\/chicago.suntimes.com\/la-voz\" target=\"_blank\" data-cms-ai=\"0\"><i>La Voz Chicago<\/i><\/a><\/p>\n<\/div>\n<p><br \/>\n<br \/><a href=\"https:\/\/chicago.suntimes.com\/la-voz\/2025\/10\/28\/gregory-bovino-de-la-patrulla-fronteriza-acepta-regresar-diariamente-a-la-corte-federal-de-chicago\">Source link <\/a><\/p>\n","protected":false},"excerpt":{"rendered":"<p>El mejor lugar para cobertura de noticias y cultura latina en Chicago. \u201d\u00bfQu\u00e9 te parece si para el viernes consigues [una c\u00e1mara corporal] para ti?\u201d, le dijo la Jueza de Distrito de Estados Unidos, Sara Ellis, al comandante de la Patrulla Fronteriza, Gregory Bovino, durante una audiencia el martes en la sala de la jueza [&hellip;]<\/p>\n","protected":false},"author":1,"featured_media":2824,"comment_status":"open","ping_status":"open","sticky":false,"template":"","format":"standard","meta":{"footnotes":""},"categories":[9],"tags":[],"class_list":{"0":"post-2823","1":"post","2":"type-post","3":"status-publish","4":"format-standard","5":"has-post-thumbnail","7":"category-usa-news"},"_links":{"self":[{"href":"https:\/\/firearmupgrades.com\/index.php?rest_route=\/wp\/v2\/posts\/2823","targetHints":{"allow":["GET"]}}],"collection":[{"href":"https:\/\/firearmupgrades.com\/index.php?rest_route=\/wp\/v2\/posts"}],"about":[{"href":"https:\/\/firearmupgrades.com\/index.php?rest_route=\/wp\/v2\/types\/post"}],"author":[{"embeddable":true,"href":"https:\/\/firearmupgrades.com\/index.php?rest_route=\/wp\/v2\/users\/1"}],"replies":[{"embeddable":true,"href":"https:\/\/firearmupgrades.com\/index.php?rest_route=%2Fwp%2Fv2%2Fcomments&post=2823"}],"version-history":[{"count":0,"href":"https:\/\/firearmupgrades.com\/index.php?rest_route=\/wp\/v2\/posts\/2823\/revisions"}],"wp:featuredmedia":[{"embeddable":true,"href":"https:\/\/firearmupgrades.com\/index.php?rest_route=\/wp\/v2\/media\/2824"}],"wp:attachment":[{"href":"https:\/\/firearmupgrades.com\/index.php?rest_route=%2Fwp%2Fv2%2Fmedia&parent=2823"}],"wp:term":[{"taxonomy":"category","embeddable":true,"href":"https:\/\/firearmupgrades.com\/index.php?rest_route=%2Fwp%2Fv2%2Fcategories&post=2823"},{"taxonomy":"post_tag","embeddable":true,"href":"https:\/\/firearmupgrades.com\/index.php?rest_route=%2Fwp%2Fv2%2Ftags&post=2823"}],"curies":[{"name":"wp","href":"https:\/\/api.w.org\/{rel}","templated":true}]}}